{"id":37794,"date":"2020-04-26T14:10:20","date_gmt":"2020-04-26T14:10:20","guid":{"rendered":"https:\/\/www.vino-bio.com\/?p=37794"},"modified":"2020-04-26T14:10:20","modified_gmt":"2020-04-26T14:10:20","slug":"ilvinononsiferma","status":"publish","type":"post","link":"https:\/\/www.vino-bio.com\/en\/ilvinononsiferma\/","title":{"rendered":"#ilvinononsiferma &#8211; lettera aperta dei vignaioli italiani"},"content":{"rendered":"<div class=\"wpb-content-wrapper\"><p>[vc_row margin_top=&#8221;10&#8243; bg_type=&#8221;no_bg&#8221;][vc_column]<div class=\"dt-fancy-separator title-left h4-size style-dashed accent-border-color\" style=\"width: 100%;\"><div class=\"dt-fancy-title bg-on\"><span class=\"separator-holder separator-left\"><\/span>Oltre 300 vignaioli italiani si uniscono per uscire dalla crisi<span class=\"separator-holder separator-right\"><\/span><\/div><\/div>[vc_column_text css=&#8221;.vc_custom_1587909584474{margin-top: 20px !important;}&#8221;]<\/p>\n<p style=\"text-align: justify;\">Di fronte a una crisi di tipo non solo economico ma anche sociale mai vista prima, che travolge un po&#8217; tutti i settori ed in maniera drastica anche tutto il vitivinicolo, <strong>oltre 300 vignaioli italiani<\/strong>, mediamente di aziende medio-piccole, fanno sentire la loro voce unendosi <strong>in rete<\/strong> per &#8220;condividere idee ed esperienze, evidenziare le criticit\u00e0 della filiera, proporre soluzioni&#8230;&#8221;.<\/p>\n<p style=\"text-align: justify;\">Come appassionato di vino e come cittadino, ritengo utile e doveroso <strong>amplificare<\/strong> il pi\u00f9 possibile quella voce, affinch\u00e9 possa arrivare forte e chiara a tutti (e in particolare a chi deve prendere decisioni in merito.). Amare il vino in modo <strong>consapevole<\/strong> significa anche <strong>prendere posizione<\/strong>, ognuno nel proprio ruolo, per non lasciare che la situazione evolva in modo confuso o per inerzia.<\/p>\n<p style=\"text-align: justify;\">Un grazie quindi non solo alla rete dei vignaioli, ma anche a tutti i lettori di vino-bio che vorranno condividere e diffondere la loro voce.<\/p>\n<p style=\"text-align: justify;\">Riporto qui di seguito il testo integrale della lettera dei vignaioli. Buona lettura.<\/p>\n<p><em>Alberto Rossi<\/em><\/p>\n<p><img loading=\"lazy\" decoding=\"async\" class=\"aligncenter size-full wp-image-37786\" src=\"https:\/\/www.vino-bio.com\/wp-content\/uploads\/2020\/04\/livinononsiferma.jpg\" alt=\"\" width=\"317\" height=\"60\" srcset=\"https:\/\/www.vino-bio.com\/wp-content\/uploads\/2020\/04\/livinononsiferma.jpg 317w, https:\/\/www.vino-bio.com\/wp-content\/uploads\/2020\/04\/livinononsiferma-300x57.jpg 300w\" sizes=\"auto, (max-width: 317px) 100vw, 317px\" \/><\/p>\n<h3>LETTERA APERTA DEI VIGNAIOLI ITALIANI PER UNA LEALE E CONDIVISA DINAMICA DI FILIERA<\/h3>\n<p>Le conseguenze economiche della pandemia hanno travolto la nostra intera societ\u00e0, con effetti che stanno mettendo in crisi anche il nostro settore vitivinicolo.<\/p>\n<p>Molti clienti sono stati obbligati alla chiusura, ma la natura non si ferma: noi, custodi della terra, non ci siamo arrestati. Lavoriamo per l\u2019eccellenza, per valorizzare la cultura e la civilt\u00e0 del vino, per consolidare la reputazione del Made in Italy nel mondo. Difendere l\u2019integrit\u00e0 dei territori e la bellezza dei paesaggi, che rendono straordinario il nostro Paese, \u00e8 l\u2019altra nostra missione, che ci rende fieri di essere italiani. Siamo cos\u00ec custodi di ecosistemi unici, in un momento storico in cui la lotta al cambiamento climatico \u00e8 imperativo altrettanto urgente.<\/p>\n<p>Siamo consapevoli delle difficolt\u00e0 che questa pandemia ha causato e degli effetti che continueranno a gravare su tutti i comparti per i quali il vino costituisce una risorsa insostituibile. Abbiamo apprezzato le iniziative partite dal mondo della distribuzione volte a stimolare il dialogo fra i diversi attori della filiera e siamo vicini ai nostri distributori, agli agenti, agli enotecari e ristoratori, ai sommelier, ai servizi di catering, agli osti e mescitori, e a tutti coloro che amano il vino.<\/p>\n<p><strong>Ci sentiamo parte attiva della straordinaria comunit\u00e0 che vive di vino e la nostra convinzione \u00e8 che da questa crisi possiamo uscirne solo se restiamo uniti e se verr\u00e0 salvaguardato il lavoro e il ruolo di ciascuno in ogni anello della filiera.<\/strong><\/p>\n<p><strong>Per questo chiediamo a tutti rispetto per il nostro lavoro e offriamo in cambio lo stesso rispetto, consapevoli che solo con una collaborazione leale si possa, tutti insieme, uscire da questa crisi.<\/strong><\/p>\n<ul>\n<li>Non accetteremo\u00a0<strong>pressioni commerciali<\/strong>\u00a0miranti a ridurre il margine che rappresenta la fonte di sostentamento per noi e le nostre aziende, perch\u00e9 riteniamo che soltanto con il riconoscimento di un equo corrispettivo sia garantita la dignit\u00e0 del nostro lavoro e del lavoro di coloro che collaborano con noi nella produzione, commercializzazione e promozione dei nostri vini.<\/li>\n<\/ul>\n<ul>\n<li>Non accetteremo\u00a0<strong>pratiche sleali<\/strong>\u00a0quali il conto vendita e le richieste sproporzionate di omaggi, consapevoli che soltanto con il rispetto delle normali condizioni commerciali possiamo contribuire in maniera positiva allo sviluppo della filiera.<\/li>\n<\/ul>\n<ul>\n<li>Chiediamo a tutti i nostri clienti il\u00a0<strong>rispetto delle scadenze<\/strong>\u00a0per il pagamento delle forniture effettuate fino al 31\/12\/2019, in un momento in cui il mercato non presentava ancora alcuna criticit\u00e0 legata alla pandemia.<br \/>\nSiamo disponibili a discutere forme di credito agevolate che tengano conto delle difficolt\u00e0 economiche che, con il lungo periodo di inattivit\u00e0, tutti i ristoranti e le enoteche si troveranno a fronteggiare alla riapertura, pur nel rispetto degli sforzi e degli investimenti che noi aziende agricole non abbiamo mai smesso di affrontare.<\/li>\n<\/ul>\n<ul>\n<li>Ci impegniamo, nelle scelte di\u00a0<strong>vendita diretta<\/strong>\u00a0dei nostri prodotti al consumatore finale, ad operare con lealt\u00e0 nei confronti dei nostri clienti della distribuzione e dell\u2019horeca, che sono fondamentali per la promozione e la valorizzazione dei vini prodotti dai vignaioli italiani.<br \/>\nPer questo motivo, garantiamo che i nostri listini dedicati ai privati rispettino la normale marginalit\u00e0 riservata agli operatori commerciali.<\/li>\n<\/ul>\n<ul>\n<li>Siamo convinti che vada rafforzata la\u00a0<strong>collaborazione<\/strong>\u00a0con tutti gli attori della filiera vinicola, consapevoli che soltanto da un dialogo aperto e organico possano scaturire le migliori opportunit\u00e0 di crescita e valorizzazione per questo nostro piccolo grande mondo.<\/li>\n<\/ul>\n<p>Se volete avanzare le vostre proposte, o semplicemente partecipare alla rete, scrivete a\u00a0<a href=\"mailto:vignaioli@ilvinononsiferma.it\">vignaioli@ilvinononsiferma.it<\/a><\/p>\n<p>Tutti gli aggiornamenti saranno sempre pubblicati sul sito\u00a0<a href=\"https:\/\/www.ilvinononsiferma.it\/\" target=\"_blank\" rel=\"noopener noreferrer\">www.ilvinononsiferma.it<\/a>\u00a0e sulla pagina Facebook @ilvinononsiferma[\/vc_column_text][\/vc_column][\/vc_row]<\/p>\n<\/div>","protected":false},"excerpt":{"rendered":"<p>#ilvinononsiferma<\/p>\n","protected":false},"author":2,"featured_media":37800,"comment_status":"open","ping_status":"open","sticky":false,"template":"","format":"standard","meta":{"_monsterinsights_skip_tracking":false,"_monsterinsights_sitenote_active":false,"_monsterinsights_sitenote_note":"","_monsterinsights_sitenote_category":0,"footnotes":""},"categories":[480,294],"tags":[],"class_list":["post-37794","post","type-post","status-publish","format-standard","has-post-thumbnail","hentry","category-2020-events","category-events","category-480","category-294","description-off"],"yoast_head":"<!-- This site is optimized with the Yoast SEO plugin v27.1.1 - https:\/\/yoast.com\/product\/yoast-seo-wordpress\/ -->\n<title>Lettera Aperta Vignaioli Italiani Ilvinononsiferma<\/title>\n<meta name=\"description\" content=\"I vignaioli italiani si uniscono in rete per far sentire la propria voce di fronte alla crisi della filiera vitivinicola causata dal covid, con una lettera aperta.\" \/>\n<meta name=\"robots\" content=\"index, follow, max-snippet:-1, max-image-preview:large, max-video-preview:-1\" \/>\n<link rel=\"canonical\" href=\"https:\/\/www.vino-bio.com\/en\/ilvinononsiferma\/\" \/>\n<meta property=\"og:locale\" content=\"en_US\" \/>\n<meta property=\"og:type\" content=\"article\" \/>\n<meta property=\"og:title\" content=\"Lettera Aperta Vignaioli Italiani Ilvinononsiferma\" \/>\n<meta property=\"og:description\" content=\"I vignaioli italiani si uniscono in rete per far sentire la propria voce di fronte alla crisi della filiera vitivinicola causata dal covid, con una lettera aperta.\" \/>\n<meta property=\"og:url\" content=\"https:\/\/www.vino-bio.com\/ilvinononsiferma\/\" \/>\n<meta property=\"og:site_name\" content=\"VinoBio\" \/>\n<meta property=\"article:published_time\" content=\"2020-04-26T14:10:20+00:00\" \/>\n<meta property=\"og:image\" content=\"https:\/\/www.vino-bio.com\/wp-content\/uploads\/2020\/04\/letteraaperta.jpg\" \/>\n\t<meta property=\"og:image:width\" content=\"386\" \/>\n\t<meta property=\"og:image:height\" content=\"257\" \/>\n\t<meta property=\"og:image:type\" content=\"image\/jpeg\" \/>\n<meta name=\"author\" content=\"Alberto Rossi\" \/>\n<script type=\"application\/ld+json\" class=\"yoast-schema-graph\">{\"@context\":\"https:\/\/schema.org\",\"@graph\":[{\"@type\":\"Article\",\"@id\":\"https:\/\/www.vino-bio.com\/ilvinononsiferma\/#article\",\"isPartOf\":{\"@id\":\"https:\/\/www.vino-bio.com\/en\/ilvinononsiferma\/\"},\"author\":{\"name\":\"Alberto Rossi\",\"@id\":\"https:\/\/www.vino-bio.com\/en\/#\/schema\/person\/2e095a78e3d442aa9a760ef4098ad411\"},\"headline\":\"#ilvinononsiferma &#8211; lettera aperta dei vignaioli italiani\",\"datePublished\":\"2020-04-26T14:10:20+00:00\",\"mainEntityOfPage\":{\"@id\":\"https:\/\/www.vino-bio.com\/en\/ilvinononsiferma\/\"},\"wordCount\":804,\"commentCount\":0,\"publisher\":{\"@id\":\"https:\/\/www.vino-bio.com\/en\/#\/schema\/person\/2e095a78e3d442aa9a760ef4098ad411\"},\"image\":{\"@id\":\"https:\/\/www.vino-bio.com\/ilvinononsiferma\/#primaryimage\"},\"thumbnailUrl\":\"https:\/\/www.vino-bio.com\/wp-content\/uploads\/2020\/04\/letteraaperta.jpg\",\"articleSection\":[\"2020\",\"Events\"],\"inLanguage\":\"en-US\",\"potentialAction\":[{\"@type\":\"CommentAction\",\"name\":\"Comment\",\"target\":[\"https:\/\/www.vino-bio.com\/ilvinononsiferma\/#respond\"]}]},{\"@type\":\"WebPage\",\"@id\":\"https:\/\/www.vino-bio.com\/en\/ilvinononsiferma\/\",\"url\":\"https:\/\/www.vino-bio.com\/ilvinononsiferma\/\",\"name\":\"Lettera Aperta Vignaioli Italiani Ilvinononsiferma\",\"isPartOf\":{\"@id\":\"https:\/\/www.vino-bio.com\/en\/#website\"},\"primaryImageOfPage\":{\"@id\":\"https:\/\/www.vino-bio.com\/ilvinononsiferma\/#primaryimage\"},\"image\":{\"@id\":\"https:\/\/www.vino-bio.com\/ilvinononsiferma\/#primaryimage\"},\"thumbnailUrl\":\"https:\/\/www.vino-bio.com\/wp-content\/uploads\/2020\/04\/letteraaperta.jpg\",\"datePublished\":\"2020-04-26T14:10:20+00:00\",\"description\":\"I vignaioli italiani si uniscono in rete per far sentire la propria voce di fronte alla crisi della filiera vitivinicola causata dal covid, con una lettera aperta.\",\"breadcrumb\":{\"@id\":\"https:\/\/www.vino-bio.com\/ilvinononsiferma\/#breadcrumb\"},\"inLanguage\":\"en-US\",\"potentialAction\":[{\"@type\":\"ReadAction\",\"target\":[\"https:\/\/www.vino-bio.com\/ilvinononsiferma\/\"]}]},{\"@type\":\"ImageObject\",\"inLanguage\":\"en-US\",\"@id\":\"https:\/\/www.vino-bio.com\/ilvinononsiferma\/#primaryimage\",\"url\":\"https:\/\/www.vino-bio.com\/wp-content\/uploads\/2020\/04\/letteraaperta.jpg\",\"contentUrl\":\"https:\/\/www.vino-bio.com\/wp-content\/uploads\/2020\/04\/letteraaperta.jpg\",\"width\":386,\"height\":257,\"caption\":\"lettera aperta\"},{\"@type\":\"BreadcrumbList\",\"@id\":\"https:\/\/www.vino-bio.com\/ilvinononsiferma\/#breadcrumb\",\"itemListElement\":[{\"@type\":\"ListItem\",\"position\":1,\"name\":\"Home\",\"item\":\"https:\/\/www.vino-bio.com\/en\/\"},{\"@type\":\"ListItem\",\"position\":2,\"name\":\"#ilvinononsiferma &#8211; lettera aperta dei vignaioli italiani\"}]},{\"@type\":\"WebSite\",\"@id\":\"https:\/\/www.vino-bio.com\/en\/#website\",\"url\":\"https:\/\/www.vino-bio.com\/en\/\",\"name\":\"VinoBio\",\"description\":\"Vini Biologici, Biodinamici, Naturali\",\"publisher\":{\"@id\":\"https:\/\/www.vino-bio.com\/en\/#\/schema\/person\/2e095a78e3d442aa9a760ef4098ad411\"},\"potentialAction\":[{\"@type\":\"SearchAction\",\"target\":{\"@type\":\"EntryPoint\",\"urlTemplate\":\"https:\/\/www.vino-bio.com\/en\/?s={search_term_string}\"},\"query-input\":{\"@type\":\"PropertyValueSpecification\",\"valueRequired\":true,\"valueName\":\"search_term_string\"}}],\"inLanguage\":\"en-US\"},{\"@type\":[\"Person\",\"Organization\"],\"@id\":\"https:\/\/www.vino-bio.com\/en\/#\/schema\/person\/2e095a78e3d442aa9a760ef4098ad411\",\"name\":\"Alberto Rossi\",\"image\":{\"@type\":\"ImageObject\",\"inLanguage\":\"en-US\",\"@id\":\"https:\/\/www.vino-bio.com\/en\/#\/schema\/person\/image\/\",\"url\":\"https:\/\/secure.gravatar.com\/avatar\/e9560a0c4b3aca259f1514b319fdd346f807c55224458438dc264a3f83038625?s=96&d=mm&r=g\",\"contentUrl\":\"https:\/\/secure.gravatar.com\/avatar\/e9560a0c4b3aca259f1514b319fdd346f807c55224458438dc264a3f83038625?s=96&d=mm&r=g\",\"caption\":\"Alberto Rossi\"},\"logo\":{\"@id\":\"https:\/\/www.vino-bio.com\/en\/#\/schema\/person\/image\/\"},\"url\":\"https:\/\/www.vino-bio.com\/en\/author\/mif5car8\/\"}]}<\/script>\n<!-- \/ Yoast SEO plugin. -->","yoast_head_json":{"title":"Lettera Aperta Vignaioli Italiani Ilvinononsiferma","description":"I vignaioli italiani si uniscono in rete per far sentire la propria voce di fronte alla crisi della filiera vitivinicola causata dal covid, con una lettera aperta.","robots":{"index":"index","follow":"follow","max-snippet":"max-snippet:-1","max-image-preview":"max-image-preview:large","max-video-preview":"max-video-preview:-1"},"canonical":"https:\/\/www.vino-bio.com\/en\/ilvinononsiferma\/","og_locale":"en_US","og_type":"article","og_title":"Lettera Aperta Vignaioli Italiani Ilvinononsiferma","og_description":"I vignaioli italiani si uniscono in rete per far sentire la propria voce di fronte alla crisi della filiera vitivinicola causata dal covid, con una lettera aperta.","og_url":"https:\/\/www.vino-bio.com\/ilvinononsiferma\/","og_site_name":"VinoBio","article_published_time":"2020-04-26T14:10:20+00:00","og_image":[{"width":386,"height":257,"url":"https:\/\/www.vino-bio.com\/wp-content\/uploads\/2020\/04\/letteraaperta.jpg","type":"image\/jpeg"}],"author":"Alberto Rossi","schema":{"@context":"https:\/\/schema.org","@graph":[{"@type":"Article","@id":"https:\/\/www.vino-bio.com\/ilvinononsiferma\/#article","isPartOf":{"@id":"https:\/\/www.vino-bio.com\/en\/ilvinononsiferma\/"},"author":{"name":"Alberto Rossi","@id":"https:\/\/www.vino-bio.com\/en\/#\/schema\/person\/2e095a78e3d442aa9a760ef4098ad411"},"headline":"#ilvinononsiferma &#8211; lettera aperta dei vignaioli italiani","datePublished":"2020-04-26T14:10:20+00:00","mainEntityOfPage":{"@id":"https:\/\/www.vino-bio.com\/en\/ilvinononsiferma\/"},"wordCount":804,"commentCount":0,"publisher":{"@id":"https:\/\/www.vino-bio.com\/en\/#\/schema\/person\/2e095a78e3d442aa9a760ef4098ad411"},"image":{"@id":"https:\/\/www.vino-bio.com\/ilvinononsiferma\/#primaryimage"},"thumbnailUrl":"https:\/\/www.vino-bio.com\/wp-content\/uploads\/2020\/04\/letteraaperta.jpg","articleSection":["2020","Events"],"inLanguage":"en-US","potentialAction":[{"@type":"CommentAction","name":"Comment","target":["https:\/\/www.vino-bio.com\/ilvinononsiferma\/#respond"]}]},{"@type":"WebPage","@id":"https:\/\/www.vino-bio.com\/en\/ilvinononsiferma\/","url":"https:\/\/www.vino-bio.com\/ilvinononsiferma\/","name":"Lettera Aperta Vignaioli Italiani Ilvinononsiferma","isPartOf":{"@id":"https:\/\/www.vino-bio.com\/en\/#website"},"primaryImageOfPage":{"@id":"https:\/\/www.vino-bio.com\/ilvinononsiferma\/#primaryimage"},"image":{"@id":"https:\/\/www.vino-bio.com\/ilvinononsiferma\/#primaryimage"},"thumbnailUrl":"https:\/\/www.vino-bio.com\/wp-content\/uploads\/2020\/04\/letteraaperta.jpg","datePublished":"2020-04-26T14:10:20+00:00","description":"I vignaioli italiani si uniscono in rete per far sentire la propria voce di fronte alla crisi della filiera vitivinicola causata dal covid, con una lettera aperta.","breadcrumb":{"@id":"https:\/\/www.vino-bio.com\/ilvinononsiferma\/#breadcrumb"},"inLanguage":"en-US","potentialAction":[{"@type":"ReadAction","target":["https:\/\/www.vino-bio.com\/ilvinononsiferma\/"]}]},{"@type":"ImageObject","inLanguage":"en-US","@id":"https:\/\/www.vino-bio.com\/ilvinononsiferma\/#primaryimage","url":"https:\/\/www.vino-bio.com\/wp-content\/uploads\/2020\/04\/letteraaperta.jpg","contentUrl":"https:\/\/www.vino-bio.com\/wp-content\/uploads\/2020\/04\/letteraaperta.jpg","width":386,"height":257,"caption":"lettera aperta"},{"@type":"BreadcrumbList","@id":"https:\/\/www.vino-bio.com\/ilvinononsiferma\/#breadcrumb","itemListElement":[{"@type":"ListItem","position":1,"name":"Home","item":"https:\/\/www.vino-bio.com\/en\/"},{"@type":"ListItem","position":2,"name":"#ilvinononsiferma &#8211; lettera aperta dei vignaioli italiani"}]},{"@type":"WebSite","@id":"https:\/\/www.vino-bio.com\/en\/#website","url":"https:\/\/www.vino-bio.com\/en\/","name":"VinoBio","description":"Vini Biologici, Biodinamici, Naturali","publisher":{"@id":"https:\/\/www.vino-bio.com\/en\/#\/schema\/person\/2e095a78e3d442aa9a760ef4098ad411"},"potentialAction":[{"@type":"SearchAction","target":{"@type":"EntryPoint","urlTemplate":"https:\/\/www.vino-bio.com\/en\/?s={search_term_string}"},"query-input":{"@type":"PropertyValueSpecification","valueRequired":true,"valueName":"search_term_string"}}],"inLanguage":"en-US"},{"@type":["Person","Organization"],"@id":"https:\/\/www.vino-bio.com\/en\/#\/schema\/person\/2e095a78e3d442aa9a760ef4098ad411","name":"Alberto Rossi","image":{"@type":"ImageObject","inLanguage":"en-US","@id":"https:\/\/www.vino-bio.com\/en\/#\/schema\/person\/image\/","url":"https:\/\/secure.gravatar.com\/avatar\/e9560a0c4b3aca259f1514b319fdd346f807c55224458438dc264a3f83038625?s=96&d=mm&r=g","contentUrl":"https:\/\/secure.gravatar.com\/avatar\/e9560a0c4b3aca259f1514b319fdd346f807c55224458438dc264a3f83038625?s=96&d=mm&r=g","caption":"Alberto Rossi"},"logo":{"@id":"https:\/\/www.vino-bio.com\/en\/#\/schema\/person\/image\/"},"url":"https:\/\/www.vino-bio.com\/en\/author\/mif5car8\/"}]}},"_links":{"self":[{"href":"https:\/\/www.vino-bio.com\/en\/wp-json\/wp\/v2\/posts\/37794","targetHints":{"allow":["GET"]}}],"collection":[{"href":"https:\/\/www.vino-bio.com\/en\/wp-json\/wp\/v2\/posts"}],"about":[{"href":"https:\/\/www.vino-bio.com\/en\/wp-json\/wp\/v2\/types\/post"}],"author":[{"embeddable":true,"href":"https:\/\/www.vino-bio.com\/en\/wp-json\/wp\/v2\/users\/2"}],"replies":[{"embeddable":true,"href":"https:\/\/www.vino-bio.com\/en\/wp-json\/wp\/v2\/comments?post=37794"}],"version-history":[{"count":1,"href":"https:\/\/www.vino-bio.com\/en\/wp-json\/wp\/v2\/posts\/37794\/revisions"}],"predecessor-version":[{"id":37804,"href":"https:\/\/www.vino-bio.com\/en\/wp-json\/wp\/v2\/posts\/37794\/revisions\/37804"}],"wp:featuredmedia":[{"embeddable":true,"href":"https:\/\/www.vino-bio.com\/en\/wp-json\/wp\/v2\/media\/37800"}],"wp:attachment":[{"href":"https:\/\/www.vino-bio.com\/en\/wp-json\/wp\/v2\/media?parent=37794"}],"wp:term":[{"taxonomy":"category","embeddable":true,"href":"https:\/\/www.vino-bio.com\/en\/wp-json\/wp\/v2\/categories?post=37794"},{"taxonomy":"post_tag","embeddable":true,"href":"https:\/\/www.vino-bio.com\/en\/wp-json\/wp\/v2\/tags?post=37794"}],"curies":[{"name":"wp","href":"https:\/\/api.w.org\/{rel}","templated":true}]}}